{"id":371,"date":"2026-04-24T10:46:56","date_gmt":"2026-04-24T07:46:56","guid":{"rendered":"https:\/\/hevosjalostusliitot.fi\/pohjoissavo\/?p=371"},"modified":"2026-04-24T10:46:56","modified_gmt":"2026-04-24T07:46:56","slug":"kiuruveden-tamma-ja-varsanayttelyn-ohjelma","status":"publish","type":"post","link":"https:\/\/hevosjalostusliitot.fi\/pohjoissavo\/kiuruveden-tamma-ja-varsanayttelyn-ohjelma\/","title":{"rendered":"Kiuruveden tamma- ja varsan\u00e4yttelyn ohjelma"},"content":{"rendered":"\n<p>Kiuruvedell\u00e4 5.5.2026 pidett\u00e4v\u00e4n tamma- ja varsan\u00e4yttelyn ohjelman l\u00f6yd\u00e4t <a href=\"https:\/\/hevosjalostusliitot.fi\/pohjoissavo\/wp-content\/uploads\/sites\/17\/2026\/04\/Kiuruvesi_2026.pdf\" data-type=\"link\" data-id=\"https:\/\/hevosjalostusliitot.fi\/pohjoissavo\/wp-content\/uploads\/sites\/17\/2026\/04\/Kiuruvesi_2026.pdf\">T\u00c4ST\u00c4 LINKIST\u00c4<\/a><\/p>\n","protected":false},"excerpt":{"rendered":"<p>Kiuruvedell\u00e4 5.5.2026 pidett\u00e4v\u00e4n tamma- ja varsan\u00e4yttelyn ohjelman l\u00f6yd\u00e4t T\u00c4ST\u00c4 LINKIST\u00c4<\/p>\n","protected":false},"author":21,"featured_media":0,"comment_status":"closed","ping_status":"closed","sticky":false,"template":"","format":"standard","meta":{"_EventAllDay":false,"_EventTimezone":"","_EventStartDate":"","_EventEndDate":"","_EventStartDateUTC":"","_EventEndDateUTC":"","_EventShowMap":false,"_EventShowMapLink":false,"_EventURL":"","_EventCost":"","_EventCostDescription":"","_EventCurrencySymbol":"","_EventCurrencyPosition":"","_EventDateTimeSeparator":"","_EventTimeRangeSeparator":"","_EventOrganizerID":[],"_EventVenueID":0,"_OrganizerEmail":"","_OrganizerPhone":"","_OrganizerWebsite":"","_VenueAddress":"","_VenueCity":"","_VenueCountry":"","_VenueProvince":"","_VenueZip":"","_VenuePhone":"","_VenueURL":"","_VenueStateProvince":"","_VenueLat":"","_VenueLng":"","footnotes":""},"categories":[1],"tags":[],"class_list":["post-371","post","type-post","status-publish","format-standard","hentry","category-yleinen"],"_links":{"self":[{"href":"https:\/\/hevosjalostusliitot.fi\/pohjoissavo\/wp-json\/wp\/v2\/posts\/371","targetHints":{"allow":["GET"]}}],"collection":[{"href":"https:\/\/hevosjalostusliitot.fi\/pohjoissavo\/wp-json\/wp\/v2\/posts"}],"about":[{"href":"https:\/\/hevosjalostusliitot.fi\/pohjoissavo\/wp-json\/wp\/v2\/types\/post"}],"author":[{"embeddable":true,"href":"https:\/\/hevosjalostusliitot.fi\/pohjoissavo\/wp-json\/wp\/v2\/users\/21"}],"replies":[{"embeddable":true,"href":"https:\/\/hevosjalostusliitot.fi\/pohjoissavo\/wp-json\/wp\/v2\/comments?post=371"}],"version-history":[{"count":1,"href":"https:\/\/hevosjalostusliitot.fi\/pohjoissavo\/wp-json\/wp\/v2\/posts\/371\/revisions"}],"predecessor-version":[{"id":372,"href":"https:\/\/hevosjalostusliitot.fi\/pohjoissavo\/wp-json\/wp\/v2\/posts\/371\/revisions\/372"}],"wp:attachment":[{"href":"https:\/\/hevosjalostusliitot.fi\/pohjoissavo\/wp-json\/wp\/v2\/media?parent=371"}],"wp:term":[{"taxonomy":"category","embeddable":true,"href":"https:\/\/hevosjalostusliitot.fi\/pohjoissavo\/wp-json\/wp\/v2\/categories?post=371"},{"taxonomy":"post_tag","embeddable":true,"href":"https:\/\/hevosjalostusliitot.fi\/pohjoissavo\/wp-json\/wp\/v2\/tags?post=371"}],"curies":[{"name":"wp","href":"https:\/\/api.w.org\/{rel}","templated":true}]}}