{"id":616,"date":"2025-09-02T14:05:26","date_gmt":"2025-09-02T11:05:26","guid":{"rendered":"https:\/\/hevosjalostusliitot.fi\/kymikarjala\/?p=616"},"modified":"2025-09-02T14:05:27","modified_gmt":"2025-09-02T11:05:27","slug":"kouvolan-syysnayttely-14-9-2025","status":"publish","type":"post","link":"https:\/\/hevosjalostusliitot.fi\/kymikarjala\/kouvolan-syysnayttely-14-9-2025\/","title":{"rendered":"Kouvolan syysn\u00e4yttely 14.9.2025"},"content":{"rendered":"\n<p>Kouvolan tamma- ja varsan\u00e4yttelyyn sunnuntaille 14.9.2025 ilmoitettiin 21 varsaa ja 2 jalostusarvosteltavaa tammaa. N\u00e4yttelyp\u00e4iv\u00e4 alkaa sh tamman ohjaskokeella raviradalla ja lv tamman arvostelulla vierastallissa klo 8.30. P\u00e4iv\u00e4 jatkuu tammojen arvostelujen j\u00e4lkeen varsojen arvostelulla noin klo 9.30 alkaen vierastallin edustalla.<\/p>\n\n\n\n<p>TERVETULOA!<\/p>\n\n\n\n\n\n<p>ohjelma aukeaa linkist\u00e4: <a href=\"https:\/\/hevosjalostusliitot.fi\/kymikarjala\/wp-content\/uploads\/sites\/12\/2025\/09\/Nayttelyohjelma-Kouvola-14.9.2025.pdf\" data-type=\"attachment\" data-id=\"615\">OHJELMA<\/a><\/p>\n\n\n\n<p><\/p>\n","protected":false},"excerpt":{"rendered":"<p>Kouvolan tamma- ja varsan\u00e4yttelyyn sunnuntaille 14.9.2025 ilmoitettiin 21 varsaa ja 2 jalostusarvosteltavaa tammaa. N\u00e4yttelyp\u00e4iv\u00e4 alkaa sh tamman ohjaskokeella raviradalla ja lv tamman arvostelulla vierastallissa klo 8.30. P\u00e4iv\u00e4 jatkuu tammojen arvostelujen j\u00e4lkeen varsojen arvostelulla noin klo 9.30 alkaen vierastallin edustalla. TERVETULOA! ohjelma aukeaa linkist\u00e4: OHJELMA<\/p>\n","protected":false},"author":19,"featured_media":0,"comment_status":"closed","ping_status":"closed","sticky":false,"template":"","format":"standard","meta":{"footnotes":""},"categories":[1],"tags":[],"class_list":["post-616","post","type-post","status-publish","format-standard","hentry","category-yleinen"],"_links":{"self":[{"href":"https:\/\/hevosjalostusliitot.fi\/kymikarjala\/wp-json\/wp\/v2\/posts\/616","targetHints":{"allow":["GET"]}}],"collection":[{"href":"https:\/\/hevosjalostusliitot.fi\/kymikarjala\/wp-json\/wp\/v2\/posts"}],"about":[{"href":"https:\/\/hevosjalostusliitot.fi\/kymikarjala\/wp-json\/wp\/v2\/types\/post"}],"author":[{"embeddable":true,"href":"https:\/\/hevosjalostusliitot.fi\/kymikarjala\/wp-json\/wp\/v2\/users\/19"}],"replies":[{"embeddable":true,"href":"https:\/\/hevosjalostusliitot.fi\/kymikarjala\/wp-json\/wp\/v2\/comments?post=616"}],"version-history":[{"count":1,"href":"https:\/\/hevosjalostusliitot.fi\/kymikarjala\/wp-json\/wp\/v2\/posts\/616\/revisions"}],"predecessor-version":[{"id":617,"href":"https:\/\/hevosjalostusliitot.fi\/kymikarjala\/wp-json\/wp\/v2\/posts\/616\/revisions\/617"}],"wp:attachment":[{"href":"https:\/\/hevosjalostusliitot.fi\/kymikarjala\/wp-json\/wp\/v2\/media?parent=616"}],"wp:term":[{"taxonomy":"category","embeddable":true,"href":"https:\/\/hevosjalostusliitot.fi\/kymikarjala\/wp-json\/wp\/v2\/categories?post=616"},{"taxonomy":"post_tag","embeddable":true,"href":"https:\/\/hevosjalostusliitot.fi\/kymikarjala\/wp-json\/wp\/v2\/tags?post=616"}],"curies":[{"name":"wp","href":"https:\/\/api.w.org\/{rel}","templated":true}]}}