{"id":281,"date":"2021-08-30T15:40:24","date_gmt":"2021-08-30T12:40:24","guid":{"rendered":"https:\/\/hevosjalostusliitot.fi\/kymikarjala\/?p=281"},"modified":"2021-08-30T15:40:25","modified_gmt":"2021-08-30T12:40:25","slug":"orilaidunkausi-paattyy-4-9-2021","status":"publish","type":"post","link":"https:\/\/hevosjalostusliitot.fi\/kymikarjala\/orilaidunkausi-paattyy-4-9-2021\/","title":{"rendered":"Orilaidunkausi p\u00e4\u00e4ttyy 4.9.2021"},"content":{"rendered":"\n<p>Orivarsalaitumella olevien varsojen omistajille muistutukseksi!<\/p>\n\n\n\n<p>Syksy tekee tuloaan ja laidunkausi liiton orilaitumilla p\u00e4\u00e4ttyy  lauantaina 4.9.2021. Kummallakin laitumella, niin Lappeenrannan Pulsassa kuin Miehikk\u00e4l\u00e4ss\u00e4kin on tarkoitus kokoontua ottamaan varsoja kiinni klo 10.00 aikaan.<\/p>\n\n\n\n<p>Toivotaan viel\u00e4 mukavaa syyskes\u00e4n keli\u00e4 viimeisiksi laidunp\u00e4iviksi <img loading=\"lazy\" decoding=\"async\" height=\"16\" width=\"16\" alt=\"\u2600\ufe0f\" src=\"https:\/\/static.xx.fbcdn.net\/images\/emoji.php\/v9\/tf4\/1.5\/16\/2600.png\"><\/p>\n","protected":false},"excerpt":{"rendered":"<p>Orivarsalaitumella olevien varsojen omistajille muistutukseksi! Syksy tekee tuloaan ja laidunkausi liiton orilaitumilla p\u00e4\u00e4ttyy lauantaina 4.9.2021. Kummallakin laitumella, niin Lappeenrannan Pulsassa kuin Miehikk\u00e4l\u00e4ss\u00e4kin on tarkoitus kokoontua ottamaan varsoja kiinni klo 10.00 aikaan. Toivotaan viel\u00e4 mukavaa syyskes\u00e4n keli\u00e4 viimeisiksi laidunp\u00e4iviksi<\/p>\n","protected":false},"author":19,"featured_media":0,"comment_status":"closed","ping_status":"closed","sticky":false,"template":"","format":"standard","meta":{"footnotes":""},"categories":[1],"tags":[],"class_list":["post-281","post","type-post","status-publish","format-standard","hentry","category-yleinen"],"_links":{"self":[{"href":"https:\/\/hevosjalostusliitot.fi\/kymikarjala\/wp-json\/wp\/v2\/posts\/281","targetHints":{"allow":["GET"]}}],"collection":[{"href":"https:\/\/hevosjalostusliitot.fi\/kymikarjala\/wp-json\/wp\/v2\/posts"}],"about":[{"href":"https:\/\/hevosjalostusliitot.fi\/kymikarjala\/wp-json\/wp\/v2\/types\/post"}],"author":[{"embeddable":true,"href":"https:\/\/hevosjalostusliitot.fi\/kymikarjala\/wp-json\/wp\/v2\/users\/19"}],"replies":[{"embeddable":true,"href":"https:\/\/hevosjalostusliitot.fi\/kymikarjala\/wp-json\/wp\/v2\/comments?post=281"}],"version-history":[{"count":1,"href":"https:\/\/hevosjalostusliitot.fi\/kymikarjala\/wp-json\/wp\/v2\/posts\/281\/revisions"}],"predecessor-version":[{"id":282,"href":"https:\/\/hevosjalostusliitot.fi\/kymikarjala\/wp-json\/wp\/v2\/posts\/281\/revisions\/282"}],"wp:attachment":[{"href":"https:\/\/hevosjalostusliitot.fi\/kymikarjala\/wp-json\/wp\/v2\/media?parent=281"}],"wp:term":[{"taxonomy":"category","embeddable":true,"href":"https:\/\/hevosjalostusliitot.fi\/kymikarjala\/wp-json\/wp\/v2\/categories?post=281"},{"taxonomy":"post_tag","embeddable":true,"href":"https:\/\/hevosjalostusliitot.fi\/kymikarjala\/wp-json\/wp\/v2\/tags?post=281"}],"curies":[{"name":"wp","href":"https:\/\/api.w.org\/{rel}","templated":true}]}}