{"id":258,"date":"2021-05-26T19:08:27","date_gmt":"2021-05-26T16:08:27","guid":{"rendered":"https:\/\/hevosjalostusliitot.fi\/kymikarjala\/?p=258"},"modified":"2021-05-26T19:08:28","modified_gmt":"2021-05-26T16:08:28","slug":"hevosjalostusliiton-vuosikokous-22-6-2021","status":"publish","type":"post","link":"https:\/\/hevosjalostusliitot.fi\/kymikarjala\/hevosjalostusliiton-vuosikokous-22-6-2021\/","title":{"rendered":"Hevosjalostusliiton vuosikokous 22.6.2021"},"content":{"rendered":"\n<p><strong>KYMEN-KARJALAN HEVOSJALOSTUSLIITTO RY:N<\/strong><\/p>\n\n\n\n<p><strong>S\u00e4\u00e4nt\u00f6m\u00e4\u00e4r\u00e4inen vuosikokous pidet\u00e4\u00e4n ti 22.6.2021 klo.18.00<\/strong><strong> Lappeenrannan &nbsp;raviradalla<\/strong><\/p>\n\n\n\n<p>(valtakirjojen tarkistus ja kahvit tarjolla 17.30). Kokouksessa k\u00e4sitell\u00e4\u00e4n s\u00e4\u00e4nt\u00f6jen vuosikokoukselle m\u00e4\u00e4r\u00e4\u00e4m\u00e4t asiat sek\u00e4 palkitaan liiton alueen nopeimmat hevoset sek\u00e4 parhaat n\u00e4yttelyhevoset vuodelta 2020.<\/p>\n\n\n\n<p>Tervetuloa!<\/p>\n\n\n\n<p>Hallitus<\/p>\n","protected":false},"excerpt":{"rendered":"<p>KYMEN-KARJALAN HEVOSJALOSTUSLIITTO RY:N S\u00e4\u00e4nt\u00f6m\u00e4\u00e4r\u00e4inen vuosikokous pidet\u00e4\u00e4n ti 22.6.2021 klo.18.00 Lappeenrannan &nbsp;raviradalla (valtakirjojen tarkistus ja kahvit tarjolla 17.30). Kokouksessa k\u00e4sitell\u00e4\u00e4n s\u00e4\u00e4nt\u00f6jen vuosikokoukselle m\u00e4\u00e4r\u00e4\u00e4m\u00e4t asiat sek\u00e4 palkitaan liiton alueen nopeimmat hevoset sek\u00e4 parhaat n\u00e4yttelyhevoset vuodelta 2020. Tervetuloa! Hallitus<\/p>\n","protected":false},"author":19,"featured_media":0,"comment_status":"closed","ping_status":"closed","sticky":false,"template":"","format":"standard","meta":{"footnotes":""},"categories":[1],"tags":[],"class_list":["post-258","post","type-post","status-publish","format-standard","hentry","category-yleinen"],"_links":{"self":[{"href":"https:\/\/hevosjalostusliitot.fi\/kymikarjala\/wp-json\/wp\/v2\/posts\/258","targetHints":{"allow":["GET"]}}],"collection":[{"href":"https:\/\/hevosjalostusliitot.fi\/kymikarjala\/wp-json\/wp\/v2\/posts"}],"about":[{"href":"https:\/\/hevosjalostusliitot.fi\/kymikarjala\/wp-json\/wp\/v2\/types\/post"}],"author":[{"embeddable":true,"href":"https:\/\/hevosjalostusliitot.fi\/kymikarjala\/wp-json\/wp\/v2\/users\/19"}],"replies":[{"embeddable":true,"href":"https:\/\/hevosjalostusliitot.fi\/kymikarjala\/wp-json\/wp\/v2\/comments?post=258"}],"version-history":[{"count":1,"href":"https:\/\/hevosjalostusliitot.fi\/kymikarjala\/wp-json\/wp\/v2\/posts\/258\/revisions"}],"predecessor-version":[{"id":259,"href":"https:\/\/hevosjalostusliitot.fi\/kymikarjala\/wp-json\/wp\/v2\/posts\/258\/revisions\/259"}],"wp:attachment":[{"href":"https:\/\/hevosjalostusliitot.fi\/kymikarjala\/wp-json\/wp\/v2\/media?parent=258"}],"wp:term":[{"taxonomy":"category","embeddable":true,"href":"https:\/\/hevosjalostusliitot.fi\/kymikarjala\/wp-json\/wp\/v2\/categories?post=258"},{"taxonomy":"post_tag","embeddable":true,"href":"https:\/\/hevosjalostusliitot.fi\/kymikarjala\/wp-json\/wp\/v2\/tags?post=258"}],"curies":[{"name":"wp","href":"https:\/\/api.w.org\/{rel}","templated":true}]}}