{"id":249,"date":"2021-04-13T13:17:25","date_gmt":"2021-04-13T10:17:25","guid":{"rendered":"https:\/\/hevosjalostusliitot.fi\/kymikarjala\/?p=249"},"modified":"2021-04-13T13:17:27","modified_gmt":"2021-04-13T10:17:27","slug":"tiedote-kymen-karjalan-hevosjalostusliiton-vuosikokousajankohdan-siirrosta","status":"publish","type":"post","link":"https:\/\/hevosjalostusliitot.fi\/kymikarjala\/tiedote-kymen-karjalan-hevosjalostusliiton-vuosikokousajankohdan-siirrosta\/","title":{"rendered":"TIEDOTE KYMEN-KARJALAN HEVOSJALOSTUSLIITON VUOSIKOKOUSAJANKOHDAN SIIRROSTA"},"content":{"rendered":"\n<p>Koronavirus tilanteesta johtuen <strong>Kymen-Karjalan Hevosjalostusliitto ry:n 26.4.2021 Lappeenrannassa pidett\u00e4v\u00e4ksi ilmoitettu vuosikokous joudutaan siirt\u00e4m\u00e4\u00e4n my\u00f6hemp\u00e4\u00e4n ajankohtaan.<\/strong> Uusi kokousajankohta ilmoitetaan hevosjalostusliiton hallituksen toimesta, kunhan alueellinen tautitilanne sallii yleisten kokousten j\u00e4rjest\u00e4misen, ilman uhkaa ihmisten terveydelle. Yleisen kokouksen aluksi tullaan vahvistamaan ensin t\u00e4m\u00e4n poikkeusaikataulun j\u00e4rjestelyt ja laillisuus poikkeustilanteeseen nojaten.<\/p>\n","protected":false},"excerpt":{"rendered":"<p>Koronavirus tilanteesta johtuen Kymen-Karjalan Hevosjalostusliitto ry:n 26.4.2021 Lappeenrannassa pidett\u00e4v\u00e4ksi ilmoitettu vuosikokous joudutaan siirt\u00e4m\u00e4\u00e4n my\u00f6hemp\u00e4\u00e4n ajankohtaan. Uusi kokousajankohta ilmoitetaan hevosjalostusliiton hallituksen toimesta, kunhan alueellinen tautitilanne sallii yleisten kokousten j\u00e4rjest\u00e4misen, ilman uhkaa ihmisten terveydelle. Yleisen kokouksen aluksi tullaan vahvistamaan ensin t\u00e4m\u00e4n poikkeusaikataulun j\u00e4rjestelyt ja laillisuus poikkeustilanteeseen nojaten.<\/p>\n","protected":false},"author":19,"featured_media":0,"comment_status":"closed","ping_status":"closed","sticky":false,"template":"","format":"standard","meta":{"footnotes":""},"categories":[1],"tags":[],"class_list":["post-249","post","type-post","status-publish","format-standard","hentry","category-yleinen"],"_links":{"self":[{"href":"https:\/\/hevosjalostusliitot.fi\/kymikarjala\/wp-json\/wp\/v2\/posts\/249","targetHints":{"allow":["GET"]}}],"collection":[{"href":"https:\/\/hevosjalostusliitot.fi\/kymikarjala\/wp-json\/wp\/v2\/posts"}],"about":[{"href":"https:\/\/hevosjalostusliitot.fi\/kymikarjala\/wp-json\/wp\/v2\/types\/post"}],"author":[{"embeddable":true,"href":"https:\/\/hevosjalostusliitot.fi\/kymikarjala\/wp-json\/wp\/v2\/users\/19"}],"replies":[{"embeddable":true,"href":"https:\/\/hevosjalostusliitot.fi\/kymikarjala\/wp-json\/wp\/v2\/comments?post=249"}],"version-history":[{"count":1,"href":"https:\/\/hevosjalostusliitot.fi\/kymikarjala\/wp-json\/wp\/v2\/posts\/249\/revisions"}],"predecessor-version":[{"id":250,"href":"https:\/\/hevosjalostusliitot.fi\/kymikarjala\/wp-json\/wp\/v2\/posts\/249\/revisions\/250"}],"wp:attachment":[{"href":"https:\/\/hevosjalostusliitot.fi\/kymikarjala\/wp-json\/wp\/v2\/media?parent=249"}],"wp:term":[{"taxonomy":"category","embeddable":true,"href":"https:\/\/hevosjalostusliitot.fi\/kymikarjala\/wp-json\/wp\/v2\/categories?post=249"},{"taxonomy":"post_tag","embeddable":true,"href":"https:\/\/hevosjalostusliitot.fi\/kymikarjala\/wp-json\/wp\/v2\/tags?post=249"}],"curies":[{"name":"wp","href":"https:\/\/api.w.org\/{rel}","templated":true}]}}