{"id":349,"date":"2025-01-27T23:49:57","date_gmt":"2025-01-27T21:49:57","guid":{"rendered":"https:\/\/hevosjalostusliitot.fi\/keskisuomi\/?p=349"},"modified":"2025-01-27T23:49:59","modified_gmt":"2025-01-27T21:49:59","slug":"markku-koskelasta-keski-suomen-hevosjalostusliiton-uusi-puheenjohtaja-vuonna-2025","status":"publish","type":"post","link":"https:\/\/hevosjalostusliitot.fi\/keskisuomi\/markku-koskelasta-keski-suomen-hevosjalostusliiton-uusi-puheenjohtaja-vuonna-2025\/","title":{"rendered":"Markku Koskelasta Keski-Suomen Hevosjalostusliiton uusi puheenjohtaja vuonna 2025"},"content":{"rendered":"\n<p>Markku Koskela, liiton pitk\u00e4aikainen varapuheenjohtaja, valittiin uudeksi puheenjohtajaksi Keski-Suomen Hevosjalostusliiton j<a href=\"https:\/\/hevosjalostusliitot.fi\/keskisuomi\/johtokunta\/\" data-type=\"page\" data-id=\"39\">ohtokunnan<\/a> j\u00e4rjest\u00e4ytymiskokouksessa.<\/p>\n\n\n\n<p>\u201dKiitos luottamuksesta. T\u00e4st\u00e4 jatketaankin sitten normaalisti eteenp\u00e4in ja ensimm\u00e4iseksi suunnitellaan 9.2. pidett\u00e4vi\u00e4 Hevoshulinaraveja, jonka j\u00e4lkeen meill\u00e4 on yhdess\u00e4 KS raviradan ja KS Hevosenomistajien kanssa j\u00e4rjestett\u00e4v\u00e4 keskisuomalaisten parhaiden palkitsemistilaisuus 21.2.\u201d, tuumasi liiton uusi puheenjohtaja Koskela, \u201dtekemist\u00e4 piisaa ja kaikkia tarvitaan.\u201d<\/p>\n\n\n\n<p>Markku Koskela on pitk\u00e4nlinjan toimija hevosurheilun parissa. H\u00e4nell\u00e4 on pieni oma harrastustalli, jossa on 5 hevosta. H\u00e4nell\u00e4 on ollut pienimuotoista kasvatustoimintaa vuodesta 1996 l\u00e4htien ja suomenhevoskasvatteja on yhteens\u00e4 noin parikymment\u00e4 kappaletta. Varsinaisen ty\u00f6uran h\u00e4n on tehnyt UPM:n mets\u00e4asiakkuusvastaavana.<\/p>\n\n\n\n<p>Liiton varapuheenjohtajaksi valittiin liiton johtokunnassa my\u00f6s pitk\u00e4\u00e4n vaikuttanut laukaalainen Heikki H\u00e4m\u00e4l\u00e4inen.<\/p>\n\n\n\n<figure class=\"wp-block-image size-large\"><img loading=\"lazy\" decoding=\"async\" width=\"768\" height=\"1024\" src=\"https:\/\/hevosjalostusliitot.fi\/keskisuomi\/wp-content\/uploads\/sites\/11\/2025\/01\/Markku-Koskela-27.1.2025-768x1024.jpg\" alt=\"hevonen ja ihminen\" class=\"wp-image-351\" srcset=\"https:\/\/hevosjalostusliitot.fi\/keskisuomi\/wp-content\/uploads\/sites\/11\/2025\/01\/Markku-Koskela-27.1.2025-768x1024.jpg 768w, https:\/\/hevosjalostusliitot.fi\/keskisuomi\/wp-content\/uploads\/sites\/11\/2025\/01\/Markku-Koskela-27.1.2025-225x300.jpg 225w, https:\/\/hevosjalostusliitot.fi\/keskisuomi\/wp-content\/uploads\/sites\/11\/2025\/01\/Markku-Koskela-27.1.2025-1152x1536.jpg 1152w, https:\/\/hevosjalostusliitot.fi\/keskisuomi\/wp-content\/uploads\/sites\/11\/2025\/01\/Markku-Koskela-27.1.2025.jpg 1536w\" sizes=\"auto, (max-width: 768px) 100vw, 768px\" \/><figcaption>Kuvassa Markku Koskela yhdess\u00e4 kasvattinsa Vouti Violan kanssa.<\/figcaption><\/figure>\n","protected":false},"excerpt":{"rendered":"<p>Markku Koskela, liiton pitk\u00e4aikainen varapuheenjohtaja, valittiin uudeksi puheenjohtajaksi Keski-Suomen Hevosjalostusliiton johtokunnan j\u00e4rjest\u00e4ytymiskokouksessa. \u201dKiitos luottamuksesta. T\u00e4st\u00e4 jatketaankin sitten normaalisti eteenp\u00e4in ja ensimm\u00e4iseksi suunnitellaan 9.2. pidett\u00e4vi\u00e4 Hevoshulinaraveja, jonka j\u00e4lkeen meill\u00e4 on yhdess\u00e4 KS raviradan ja KS Hevosenomistajien kanssa j\u00e4rjestett\u00e4v\u00e4 keskisuomalaisten parhaiden palkitsemistilaisuus 21.2.\u201d, tuumasi liiton uusi puheenjohtaja Koskela, \u201dtekemist\u00e4 piisaa ja kaikkia [&hellip;]<\/p>\n","protected":false},"author":15,"featured_media":351,"comment_status":"closed","ping_status":"closed","sticky":false,"template":"","format":"standard","meta":{"_EventAllDay":false,"_EventTimezone":"","_EventStartDate":"","_EventEndDate":"","_EventStartDateUTC":"","_EventEndDateUTC":"","_EventShowMap":false,"_EventShowMapLink":false,"_EventURL":"","_EventCost":"","_EventCostDescription":"","_EventCurrencySymbol":"","_EventCurrencyPosition":"","_EventDateTimeSeparator":"","_EventTimeRangeSeparator":"","_EventOrganizerID":[],"_EventVenueID":0,"_OrganizerEmail":"","_OrganizerPhone":"","_OrganizerWebsite":"","_VenueAddress":"","_VenueCity":"","_VenueCountry":"","_VenueProvince":"","_VenueZip":"","_VenuePhone":"","_VenueURL":"","_VenueStateProvince":"","_VenueLat":"","_VenueLng":"","footnotes":""},"categories":[1],"tags":[],"class_list":["post-349","post","type-post","status-publish","format-standard","has-post-thumbnail","hentry","category-yleinen"],"_links":{"self":[{"href":"https:\/\/hevosjalostusliitot.fi\/keskisuomi\/wp-json\/wp\/v2\/posts\/349","targetHints":{"allow":["GET"]}}],"collection":[{"href":"https:\/\/hevosjalostusliitot.fi\/keskisuomi\/wp-json\/wp\/v2\/posts"}],"about":[{"href":"https:\/\/hevosjalostusliitot.fi\/keskisuomi\/wp-json\/wp\/v2\/types\/post"}],"author":[{"embeddable":true,"href":"https:\/\/hevosjalostusliitot.fi\/keskisuomi\/wp-json\/wp\/v2\/users\/15"}],"replies":[{"embeddable":true,"href":"https:\/\/hevosjalostusliitot.fi\/keskisuomi\/wp-json\/wp\/v2\/comments?post=349"}],"version-history":[{"count":2,"href":"https:\/\/hevosjalostusliitot.fi\/keskisuomi\/wp-json\/wp\/v2\/posts\/349\/revisions"}],"predecessor-version":[{"id":352,"href":"https:\/\/hevosjalostusliitot.fi\/keskisuomi\/wp-json\/wp\/v2\/posts\/349\/revisions\/352"}],"wp:featuredmedia":[{"embeddable":true,"href":"https:\/\/hevosjalostusliitot.fi\/keskisuomi\/wp-json\/wp\/v2\/media\/351"}],"wp:attachment":[{"href":"https:\/\/hevosjalostusliitot.fi\/keskisuomi\/wp-json\/wp\/v2\/media?parent=349"}],"wp:term":[{"taxonomy":"category","embeddable":true,"href":"https:\/\/hevosjalostusliitot.fi\/keskisuomi\/wp-json\/wp\/v2\/categories?post=349"},{"taxonomy":"post_tag","embeddable":true,"href":"https:\/\/hevosjalostusliitot.fi\/keskisuomi\/wp-json\/wp\/v2\/tags?post=349"}],"curies":[{"name":"wp","href":"https:\/\/api.w.org\/{rel}","templated":true}]}}