{"id":478,"date":"2023-07-31T20:06:11","date_gmt":"2023-07-31T17:06:11","guid":{"rendered":"https:\/\/hevosjalostusliitot.fi\/keskipohjanmaa\/?p=478"},"modified":"2023-07-31T20:06:12","modified_gmt":"2023-07-31T17:06:12","slug":"keski-pohjanmaan-hevosjalostusliiton-toiminnanjohtajan-kesaloman-toinen-osa-1-8-20-8-2023","status":"publish","type":"post","link":"https:\/\/hevosjalostusliitot.fi\/keskipohjanmaa\/keski-pohjanmaan-hevosjalostusliiton-toiminnanjohtajan-kesaloman-toinen-osa-1-8-20-8-2023\/","title":{"rendered":"Keski-Pohjanmaan Hevosjalostusliiton toiminnanjohtajan kes\u00e4loman toinen osa 1.8. &#8211; 20.8. 2023"},"content":{"rendered":"\n<p>Keski- Pohjanmaan Hevosjalostusliiton toiminnanjohtaja lomailee 1.8. &#8211; 20.8.2023.<\/p>\n\n\n\n<p>Kyseisell\u00e4 aikav\u00e4lille ei ole sijaista, joten tunnistukset ja ponimittaukset sek\u00e4 viesteihin ja s\u00e4hk\u00f6posteihin vastailu tapahtuu loman j\u00e4lkeen maanantaista 21.8. alkaen viikolla 34. <\/p>\n\n\n\n<p>Ennalta sovitut kes\u00e4ravien ilmoittautumiset sek\u00e4 tuomaroinnit hoidetaan loman aikana sovitusti.<\/p>\n\n\n\n<p>Aurinkoista loppukes\u00e4\u00e4 kaikille!<\/p>\n\n\n\n<p>Lomaterveisin Susanna \/ Toiminnanjohtaja K-P HJL<\/p>\n\n\n<style>.wp-block-kadence-spacer.kt-block-spacer-_7c3d8e-6c .kt-block-spacer{height:60px;}.wp-block-kadence-spacer.kt-block-spacer-_7c3d8e-6c .kt-divider{border-top-width:1px;height:1px;border-top-color:#eee;width:80%;border-top-style:solid;}<\/style>\n<div class=\"wp-block-kadence-spacer aligncenter kt-block-spacer-_7c3d8e-6c\"><div class=\"kt-block-spacer kt-block-spacer-halign-center\" style=\"height:60px\"><hr class=\"kt-divider\" style=\"border-top-width:1px;width:80%;border-top-style:solid\" \/><\/div><\/div>\n\n\n\n<figure class=\"wp-block-image size-large\"><img loading=\"lazy\" decoding=\"async\" width=\"1024\" height=\"819\" src=\"https:\/\/hevosjalostusliitot.fi\/keskipohjanmaa\/wp-content\/uploads\/sites\/10\/2023\/07\/Susanna-1024x819.png\" alt=\"\" class=\"wp-image-479\" srcset=\"https:\/\/hevosjalostusliitot.fi\/keskipohjanmaa\/wp-content\/uploads\/sites\/10\/2023\/07\/Susanna-1024x819.png 1024w, https:\/\/hevosjalostusliitot.fi\/keskipohjanmaa\/wp-content\/uploads\/sites\/10\/2023\/07\/Susanna-300x240.png 300w, https:\/\/hevosjalostusliitot.fi\/keskipohjanmaa\/wp-content\/uploads\/sites\/10\/2023\/07\/Susanna-768x614.png 768w, https:\/\/hevosjalostusliitot.fi\/keskipohjanmaa\/wp-content\/uploads\/sites\/10\/2023\/07\/Susanna-1536x1229.png 1536w, https:\/\/hevosjalostusliitot.fi\/keskipohjanmaa\/wp-content\/uploads\/sites\/10\/2023\/07\/Susanna.png 2000w\" sizes=\"auto, (max-width: 1024px) 100vw, 1024px\" \/><\/figure>\n\n\n\n<p><\/p>\n","protected":false},"excerpt":{"rendered":"<p>Keski- Pohjanmaan Hevosjalostusliiton toiminnanjohtaja lomailee 1.8. &#8211; 20.8.2023. Kyseisell\u00e4 aikav\u00e4lille ei ole sijaista, joten tunnistukset ja ponimittaukset sek\u00e4 viesteihin ja s\u00e4hk\u00f6posteihin vastailu tapahtuu loman j\u00e4lkeen maanantaista 21.8. alkaen viikolla 34. Ennalta sovitut kes\u00e4ravien ilmoittautumiset sek\u00e4 tuomaroinnit hoidetaan loman aikana sovitusti. Aurinkoista loppukes\u00e4\u00e4 kaikille! Lomaterveisin Susanna \/ Toiminnanjohtaja K-P HJL<\/p>\n","protected":false},"author":26,"featured_media":0,"comment_status":"closed","ping_status":"closed","sticky":false,"template":"","format":"standard","meta":{"_EventAllDay":false,"_EventTimezone":"","_EventStartDate":"","_EventEndDate":"","_EventStartDateUTC":"","_EventEndDateUTC":"","_EventShowMap":false,"_EventShowMapLink":false,"_EventURL":"","_EventCost":"","_EventCostDescription":"","_EventCurrencySymbol":"","_EventCurrencyPosition":"","_EventDateTimeSeparator":"","_EventTimeRangeSeparator":"","_EventOrganizerID":[],"_EventVenueID":0,"_OrganizerEmail":"","_OrganizerPhone":"","_OrganizerWebsite":"","_VenueAddress":"","_VenueCity":"","_VenueCountry":"","_VenueProvince":"","_VenueZip":"","_VenuePhone":"","_VenueURL":"","_VenueStateProvince":"","_VenueLat":"","_VenueLng":"","footnotes":""},"categories":[1],"tags":[],"class_list":["post-478","post","type-post","status-publish","format-standard","hentry","category-yleinen"],"_links":{"self":[{"href":"https:\/\/hevosjalostusliitot.fi\/keskipohjanmaa\/wp-json\/wp\/v2\/posts\/478","targetHints":{"allow":["GET"]}}],"collection":[{"href":"https:\/\/hevosjalostusliitot.fi\/keskipohjanmaa\/wp-json\/wp\/v2\/posts"}],"about":[{"href":"https:\/\/hevosjalostusliitot.fi\/keskipohjanmaa\/wp-json\/wp\/v2\/types\/post"}],"author":[{"embeddable":true,"href":"https:\/\/hevosjalostusliitot.fi\/keskipohjanmaa\/wp-json\/wp\/v2\/users\/26"}],"replies":[{"embeddable":true,"href":"https:\/\/hevosjalostusliitot.fi\/keskipohjanmaa\/wp-json\/wp\/v2\/comments?post=478"}],"version-history":[{"count":1,"href":"https:\/\/hevosjalostusliitot.fi\/keskipohjanmaa\/wp-json\/wp\/v2\/posts\/478\/revisions"}],"predecessor-version":[{"id":480,"href":"https:\/\/hevosjalostusliitot.fi\/keskipohjanmaa\/wp-json\/wp\/v2\/posts\/478\/revisions\/480"}],"wp:attachment":[{"href":"https:\/\/hevosjalostusliitot.fi\/keskipohjanmaa\/wp-json\/wp\/v2\/media?parent=478"}],"wp:term":[{"taxonomy":"category","embeddable":true,"href":"https:\/\/hevosjalostusliitot.fi\/keskipohjanmaa\/wp-json\/wp\/v2\/categories?post=478"},{"taxonomy":"post_tag","embeddable":true,"href":"https:\/\/hevosjalostusliitot.fi\/keskipohjanmaa\/wp-json\/wp\/v2\/tags?post=478"}],"curies":[{"name":"wp","href":"https:\/\/api.w.org\/{rel}","templated":true}]}}