{"id":374,"date":"2021-05-31T14:24:34","date_gmt":"2021-05-31T11:24:34","guid":{"rendered":"https:\/\/hevosjalostusliitot.fi\/etelasavo\/?p=374"},"modified":"2021-05-31T14:24:35","modified_gmt":"2021-05-31T11:24:35","slug":"muutoksia-hallituksessa","status":"publish","type":"post","link":"https:\/\/hevosjalostusliitot.fi\/etelasavo\/muutoksia-hallituksessa\/","title":{"rendered":"Muutoksia hallituksessa"},"content":{"rendered":"\n<p>Etel\u00e4-Savon Hevosjalostusliiton vuosikokouksessa 28.5.2021 valittin hallituksen j\u00e4senet erovuoroisten tilalle. Anne Luttinen ja Kari H\u00e4m\u00e4l\u00e4inen valittiin jatkamaan uudelle toimikaudelle. Anne Valtosen tilalle ehdolle asettunut Tiina Kosonen (Puumala) valittiin uutena j\u00e4senen\u00e4 hallitukseen. Lis\u00e4ksi Teemu Kuuselan erottua hallituksesta Joroisten Hevosyst\u00e4v\u00e4inseuran siirrytty\u00e4 Pohjois-Savon Hevosjalostusliittoon asettui ehdolle h\u00e4nen tilalleen hallitukseen Jani Konnu Savonlinnasta. Konnu valittiin hallitukseen uutena j\u00e4senen\u00e4 Kuuselan tilalle.<\/p>\n","protected":false},"excerpt":{"rendered":"<p>Etel\u00e4-Savon Hevosjalostusliiton vuosikokouksessa 28.5.2021 valittin hallituksen j\u00e4senet erovuoroisten tilalle. Anne Luttinen ja Kari H\u00e4m\u00e4l\u00e4inen valittiin jatkamaan uudelle toimikaudelle. Anne Valtosen tilalle ehdolle asettunut Tiina Kosonen (Puumala) valittiin uutena j\u00e4senen\u00e4 hallitukseen. Lis\u00e4ksi Teemu Kuuselan erottua hallituksesta Joroisten Hevosyst\u00e4v\u00e4inseuran siirrytty\u00e4 Pohjois-Savon Hevosjalostusliittoon asettui ehdolle h\u00e4nen tilalleen hallitukseen Jani Konnu Savonlinnasta. Konnu valittiin [&hellip;]<\/p>\n","protected":false},"author":24,"featured_media":0,"comment_status":"closed","ping_status":"closed","sticky":false,"template":"","format":"standard","meta":{"_EventAllDay":false,"_EventTimezone":"","_EventStartDate":"","_EventEndDate":"","_EventStartDateUTC":"","_EventEndDateUTC":"","_EventShowMap":false,"_EventShowMapLink":false,"_EventURL":"","_EventCost":"","_EventCostDescription":"","_EventCurrencySymbol":"","_EventCurrencyPosition":"","_EventDateTimeSeparator":"","_EventTimeRangeSeparator":"","_EventOrganizerID":[],"_EventVenueID":0,"_OrganizerEmail":"","_OrganizerPhone":"","_OrganizerWebsite":"","_VenueAddress":"","_VenueCity":"","_VenueCountry":"","_VenueProvince":"","_VenueZip":"","_VenuePhone":"","_VenueURL":"","_VenueStateProvince":"","_VenueLat":"","_VenueLng":"","footnotes":""},"categories":[1],"tags":[],"class_list":["post-374","post","type-post","status-publish","format-standard","hentry","category-yleinen"],"_links":{"self":[{"href":"https:\/\/hevosjalostusliitot.fi\/etelasavo\/wp-json\/wp\/v2\/posts\/374","targetHints":{"allow":["GET"]}}],"collection":[{"href":"https:\/\/hevosjalostusliitot.fi\/etelasavo\/wp-json\/wp\/v2\/posts"}],"about":[{"href":"https:\/\/hevosjalostusliitot.fi\/etelasavo\/wp-json\/wp\/v2\/types\/post"}],"author":[{"embeddable":true,"href":"https:\/\/hevosjalostusliitot.fi\/etelasavo\/wp-json\/wp\/v2\/users\/24"}],"replies":[{"embeddable":true,"href":"https:\/\/hevosjalostusliitot.fi\/etelasavo\/wp-json\/wp\/v2\/comments?post=374"}],"version-history":[{"count":2,"href":"https:\/\/hevosjalostusliitot.fi\/etelasavo\/wp-json\/wp\/v2\/posts\/374\/revisions"}],"predecessor-version":[{"id":376,"href":"https:\/\/hevosjalostusliitot.fi\/etelasavo\/wp-json\/wp\/v2\/posts\/374\/revisions\/376"}],"wp:attachment":[{"href":"https:\/\/hevosjalostusliitot.fi\/etelasavo\/wp-json\/wp\/v2\/media?parent=374"}],"wp:term":[{"taxonomy":"category","embeddable":true,"href":"https:\/\/hevosjalostusliitot.fi\/etelasavo\/wp-json\/wp\/v2\/categories?post=374"},{"taxonomy":"post_tag","embeddable":true,"href":"https:\/\/hevosjalostusliitot.fi\/etelasavo\/wp-json\/wp\/v2\/tags?post=374"}],"curies":[{"name":"wp","href":"https:\/\/api.w.org\/{rel}","templated":true}]}}