{"id":304,"date":"2021-01-19T11:29:02","date_gmt":"2021-01-19T09:29:02","guid":{"rendered":"https:\/\/hevosjalostusliitot.fi\/etelasavo\/?p=304"},"modified":"2021-01-19T11:29:03","modified_gmt":"2021-01-19T09:29:03","slug":"tiedote-henkilostomuutoksia","status":"publish","type":"post","link":"https:\/\/hevosjalostusliitot.fi\/etelasavo\/tiedote-henkilostomuutoksia\/","title":{"rendered":"Tiedote: Henkil\u00f6st\u00f6muutoksia"},"content":{"rendered":"\n<p>Etel\u00e4-Savon hevosjalostusliiton toiminnanjohtaja Linda Silvennoinen j\u00e4\u00e4 \u00e4itiyslomalle helmikuun alussa. \u00c4itiysloman sijaiseksi on valittu Janina Aronen. Aronen aloittaa toiminnanjohtajan teht\u00e4v\u00e4ss\u00e4 1.2.2021.<\/p>\n\n\n\n<p>Etel\u00e4-Savon hevosjalostusliiton yhteystiedot pysyv\u00e4t samana, lukuun ottamatta toiminnanjohtajan s\u00e4hk\u00f6postiosoitetta (janina.aronen@mikkelinravirata.fi) <\/p>\n\n\n\n<p>Puh. 044 7910 600, <a href=\"mailto:hevosjalostusliitto@mikkelinravirata.fi\">hevosjalostusliitto@mikkelinravirata.fi<\/a><\/p>\n","protected":false},"excerpt":{"rendered":"<p>Etel\u00e4-Savon hevosjalostusliiton toiminnanjohtaja Linda Silvennoinen j\u00e4\u00e4 \u00e4itiyslomalle helmikuun alussa. \u00c4itiysloman sijaiseksi on valittu Janina Aronen. Aronen aloittaa toiminnanjohtajan teht\u00e4v\u00e4ss\u00e4 1.2.2021. Etel\u00e4-Savon hevosjalostusliiton yhteystiedot pysyv\u00e4t samana, lukuun ottamatta toiminnanjohtajan s\u00e4hk\u00f6postiosoitetta (janina.aronen@mikkelinravirata.fi) Puh. 044 7910 600, hevosjalostusliitto@mikkelinravirata.fi<\/p>\n","protected":false},"author":24,"featured_media":0,"comment_status":"closed","ping_status":"closed","sticky":false,"template":"","format":"standard","meta":{"_EventAllDay":false,"_EventTimezone":"","_EventStartDate":"","_EventEndDate":"","_EventStartDateUTC":"","_EventEndDateUTC":"","_EventShowMap":false,"_EventShowMapLink":false,"_EventURL":"","_EventCost":"","_EventCostDescription":"","_EventCurrencySymbol":"","_EventCurrencyPosition":"","_EventDateTimeSeparator":"","_EventTimeRangeSeparator":"","_EventOrganizerID":[],"_EventVenueID":0,"_OrganizerEmail":"","_OrganizerPhone":"","_OrganizerWebsite":"","_VenueAddress":"","_VenueCity":"","_VenueCountry":"","_VenueProvince":"","_VenueZip":"","_VenuePhone":"","_VenueURL":"","_VenueStateProvince":"","_VenueLat":"","_VenueLng":"","footnotes":""},"categories":[1],"tags":[],"class_list":["post-304","post","type-post","status-publish","format-standard","hentry","category-yleinen"],"_links":{"self":[{"href":"https:\/\/hevosjalostusliitot.fi\/etelasavo\/wp-json\/wp\/v2\/posts\/304","targetHints":{"allow":["GET"]}}],"collection":[{"href":"https:\/\/hevosjalostusliitot.fi\/etelasavo\/wp-json\/wp\/v2\/posts"}],"about":[{"href":"https:\/\/hevosjalostusliitot.fi\/etelasavo\/wp-json\/wp\/v2\/types\/post"}],"author":[{"embeddable":true,"href":"https:\/\/hevosjalostusliitot.fi\/etelasavo\/wp-json\/wp\/v2\/users\/24"}],"replies":[{"embeddable":true,"href":"https:\/\/hevosjalostusliitot.fi\/etelasavo\/wp-json\/wp\/v2\/comments?post=304"}],"version-history":[{"count":1,"href":"https:\/\/hevosjalostusliitot.fi\/etelasavo\/wp-json\/wp\/v2\/posts\/304\/revisions"}],"predecessor-version":[{"id":305,"href":"https:\/\/hevosjalostusliitot.fi\/etelasavo\/wp-json\/wp\/v2\/posts\/304\/revisions\/305"}],"wp:attachment":[{"href":"https:\/\/hevosjalostusliitot.fi\/etelasavo\/wp-json\/wp\/v2\/media?parent=304"}],"wp:term":[{"taxonomy":"category","embeddable":true,"href":"https:\/\/hevosjalostusliitot.fi\/etelasavo\/wp-json\/wp\/v2\/categories?post=304"},{"taxonomy":"post_tag","embeddable":true,"href":"https:\/\/hevosjalostusliitot.fi\/etelasavo\/wp-json\/wp\/v2\/tags?post=304"}],"curies":[{"name":"wp","href":"https:\/\/api.w.org\/{rel}","templated":true}]}}